{"id":7304,"date":"2025-06-16T19:26:31","date_gmt":"2025-06-16T17:26:31","guid":{"rendered":"https:\/\/ecole-steiner-verrieres.org\/?p=7304"},"modified":"2025-06-16T19:36:17","modified_gmt":"2025-06-16T17:36:17","slug":"theatre-le-bourgeois-gentilhomme-par-la-11e-classe","status":"publish","type":"post","link":"https:\/\/ecole-steiner-verrieres.org\/en\/theatre-le-bourgeois-gentilhomme-par-la-11e-classe\/","title":{"rendered":"Th\u00e9\u00e2tre : &#8220;Le Bourgeois gentilhomme&#8221; par la 11e classe"},"content":{"rendered":"<p>&#8220;Et si\u00a0<em>Le Bourgeois Gentilhomme<\/em>\u00a0vivait aujourd\u2019hui ? S\u2019il troquait ses habits turcs contre des filtres Instagram? Dans cette approche inattendue, les faux-semblants de Monsieur Jourdain trouvent un \u00e9cho saisissant dans nos propres vies connect\u00e9es. Le texte de Moli\u00e8re r\u00e9sonne tout particuli\u00e8rement de nos\u00a0jours,\u00a0sans m\u00eame avoir besoin de changer un mot. Le para\u00eetre a une place royale.&#8221;<\/p>\n\n\n\n<p>Venez nombreux <strong>vendredi 20 juin<\/strong> \u00e0 <strong>20h30<\/strong> et <strong>samedi 21 juin<\/strong> 2025 \u00e0 <strong>18h30<\/strong>, pour assister \u00e0 la repr\u00e9sentation de la pi\u00e8ce jou\u00e9e par la 11e classe (\u00e9l\u00e8ves de 16-17 ans), mise en sc\u00e8ne par Ga\u00ebl Colin.<\/p>\n\n\n\n<p>Ouvert \u00e0 tous. Entr\u00e9e : libre participation \u00e0 la sortie. \u00c2ge conseill\u00e9 : \u00e0 partir de 10 ans.<\/p>\n\n\n\n<p>Grande Salle Odilon-Redon au sein de l&#8217;\u00e9cole Steiner, 62 rue de Paris \u00e0 Verri\u00e8res-le-Buisson.<\/p>\n\n\n\n<p>Parking ouvert en haut de l&#8217;\u00e9cole, au 21 route de Bi\u00e8vres. <\/p>\n\n\n\n<figure class=\"wp-block-image size-full is-resized\"><img fetchpriority=\"high\" decoding=\"async\" width=\"1170\" height=\"1740\" src=\"https:\/\/ecole-steiner-verrieres.org\/gloagrom\/2025\/06\/bourgeoisgentilhomme.jpg\" alt=\"\" class=\"wp-image-7306\" style=\"width:468px;height:auto\" srcset=\"https:\/\/ecole-steiner-verrieres.org\/gloagrom\/2025\/06\/bourgeoisgentilhomme.jpg 1170w, https:\/\/ecole-steiner-verrieres.org\/gloagrom\/2025\/06\/bourgeoisgentilhomme-768x1142.jpg 768w, https:\/\/ecole-steiner-verrieres.org\/gloagrom\/2025\/06\/bourgeoisgentilhomme-1033x1536.jpg 1033w, https:\/\/ecole-steiner-verrieres.org\/gloagrom\/2025\/06\/bourgeoisgentilhomme-8x12.jpg 8w\" sizes=\"(max-width: 1170px) 100vw, 1170px\" \/><\/figure>","protected":false},"excerpt":{"rendered":"<p>&#8220;Le Bourgeois gentilhomme&#8221; par la 11e classe vendredi 20 juin 20h30 et samedi 21 juin \u00e0 18h30<\/p>","protected":false},"author":3,"featured_media":7309,"comment_status":"closed","ping_status":"closed","sticky":false,"template":"","format":"standard","meta":{"_angie_page":false,"page_builder":"","footnotes":""},"categories":[13],"tags":[],"class_list":["post-7304","post","type-post","status-publish","format-standard","has-post-thumbnail","hentry","category-actualites"],"_links":{"self":[{"href":"https:\/\/ecole-steiner-verrieres.org\/en\/wp-json\/wp\/v2\/posts\/7304","targetHints":{"allow":["GET"]}}],"collection":[{"href":"https:\/\/ecole-steiner-verrieres.org\/en\/wp-json\/wp\/v2\/posts"}],"about":[{"href":"https:\/\/ecole-steiner-verrieres.org\/en\/wp-json\/wp\/v2\/types\/post"}],"author":[{"embeddable":true,"href":"https:\/\/ecole-steiner-verrieres.org\/en\/wp-json\/wp\/v2\/users\/3"}],"replies":[{"embeddable":true,"href":"https:\/\/ecole-steiner-verrieres.org\/en\/wp-json\/wp\/v2\/comments?post=7304"}],"version-history":[{"count":0,"href":"https:\/\/ecole-steiner-verrieres.org\/en\/wp-json\/wp\/v2\/posts\/7304\/revisions"}],"wp:featuredmedia":[{"embeddable":true,"href":"https:\/\/ecole-steiner-verrieres.org\/en\/wp-json\/wp\/v2\/media\/7309"}],"wp:attachment":[{"href":"https:\/\/ecole-steiner-verrieres.org\/en\/wp-json\/wp\/v2\/media?parent=7304"}],"wp:term":[{"taxonomy":"category","embeddable":true,"href":"https:\/\/ecole-steiner-verrieres.org\/en\/wp-json\/wp\/v2\/categories?post=7304"},{"taxonomy":"post_tag","embeddable":true,"href":"https:\/\/ecole-steiner-verrieres.org\/en\/wp-json\/wp\/v2\/tags?post=7304"}],"curies":[{"name":"wp","href":"https:\/\/api.w.org\/{rel}","templated":true}]}}