{"id":7227,"date":"2025-05-11T15:55:20","date_gmt":"2025-05-11T13:55:20","guid":{"rendered":"https:\/\/ecole-steiner-verrieres.org\/?p=7227"},"modified":"2025-06-06T08:23:10","modified_gmt":"2025-06-06T06:23:10","slug":"conference-de-philippe-perennes-quapporte-la-pedagogie-steiner-waldorf-en-2025","status":"publish","type":"post","link":"https:\/\/ecole-steiner-verrieres.org\/en\/conference-de-philippe-perennes-quapporte-la-pedagogie-steiner-waldorf-en-2025\/","title":{"rendered":"Conf\u00e9rence de Philippe Perenn\u00e8s : qu&#8217;apporte la p\u00e9dagogie Steiner-Waldorf en 2025?"},"content":{"rendered":"<p>L\u2019\u00e9quipe p\u00e9dagogique est heureuse de vous convier le <strong>vendredi 6 juin<\/strong> \u00e0 <strong>19h30<\/strong> \u00e0 une nouvelle <strong>conf\u00e9rence de Philippe Perenn\u00e8s<\/strong> sur la p\u00e9dagogie Waldorf.<\/p>\n\n\n\n<p>La mani\u00e8re dont nous pensons la r\u00e9alit\u00e9 de l\u2019\u00eatre humain influe directement sur l\u2019\u00e9ducation et l\u2019enseignement que nous lui donnons. Dans le paysage p\u00e9dagogique mondial, la p\u00e9dagogie Steiner-Waldorf prend une place particuli\u00e8re. Avec ses 2000 jardins d\u2019enfant et 1200 \u00e9coles implant\u00e9s dans plus de 70 pays, elle r\u00e9pond clairement aux besoins de notre temps. Bien que moins d\u00e9velopp\u00e9e en France, elle reste aussi vivante qu\u2019active et ce ne sont pas moins de 2500 \u00e9l\u00e8ves qui profitent de cette \u00e9ducation. Qu\u2019est ce qui fait la particularit\u00e9 de cette p\u00e9dagogie ? En quoi r\u00e9pond-elle tant aux besoins des \u00e9l\u00e8ves qu\u2019\u00e0 ceux de notre \u00e9poque ? Ces questions seront au centre de la conf\u00e9rence de Philippe Perenn\u00e8s.<\/p>\n\n\n\n<p><strong>Philippe Perenn\u00e8s<\/strong> a \u00e9t\u00e9 professeur de classe durant 40 ans ; il est formateur \u00e0 la p\u00e9dagogie Waldorf et auteur de plusieurs ouvrages sur les perceptions sensorielles.<\/p>\n\n\n\n<p>Nous vous attendons nombreux !<\/p>\n\n\n\n<p>Entr\u00e9e libre. Ouvert \u00e0 tous, que vous soyez parents de l\u2019\u00e9cole ou non. Vous pouvez participer aux frais (\u201cchapeau\u201d).<\/p>\n\n\n\n<p><strong>ATTENTION : HORAIRE MODIFI\u00c9 + NOUVEAUT\u00c9 : <\/strong><\/p>\n\n\n\n<p><strong>Garderie<\/strong> possible sur place, pour les <strong>4-12 ans<\/strong>, <strong>sur inscription pr\u00e9alable<\/strong> (+ participation aux frais) aupr\u00e8s de l\u2019accueil <strong>avant le vendredi 6 juin 17h,<\/strong> si dix familles au moins en font la demande.\u00a0<\/p>\n\n\n\n<p><em>Salle Odilon-Redon, \u00e0 l&#8217;\u00e9cole, 62 rue de Paris \u00e0 Verri\u00e8res-le-Buisson. <\/em><\/p>\n\n\n\n<p><em>Entr\u00e9e parking au 21 route de Bi\u00e8vres. Vendredi 10 janvier \u00e0 19h30.<\/em><\/p>","protected":false},"excerpt":{"rendered":"<p>Conf\u00e9rence de Philippe Perenn\u00e8s sur ce qu&#8217;apporte la p\u00e9dagogie Steiner-Waldorf  en 2025. Vendredi 6 juin 19h30.<\/p>","protected":false},"author":3,"featured_media":7228,"comment_status":"closed","ping_status":"closed","sticky":false,"template":"","format":"standard","meta":{"_angie_page":false,"page_builder":"","footnotes":""},"categories":[13],"tags":[],"class_list":["post-7227","post","type-post","status-publish","format-standard","has-post-thumbnail","hentry","category-actualites"],"_links":{"self":[{"href":"https:\/\/ecole-steiner-verrieres.org\/en\/wp-json\/wp\/v2\/posts\/7227","targetHints":{"allow":["GET"]}}],"collection":[{"href":"https:\/\/ecole-steiner-verrieres.org\/en\/wp-json\/wp\/v2\/posts"}],"about":[{"href":"https:\/\/ecole-steiner-verrieres.org\/en\/wp-json\/wp\/v2\/types\/post"}],"author":[{"embeddable":true,"href":"https:\/\/ecole-steiner-verrieres.org\/en\/wp-json\/wp\/v2\/users\/3"}],"replies":[{"embeddable":true,"href":"https:\/\/ecole-steiner-verrieres.org\/en\/wp-json\/wp\/v2\/comments?post=7227"}],"version-history":[{"count":0,"href":"https:\/\/ecole-steiner-verrieres.org\/en\/wp-json\/wp\/v2\/posts\/7227\/revisions"}],"wp:featuredmedia":[{"embeddable":true,"href":"https:\/\/ecole-steiner-verrieres.org\/en\/wp-json\/wp\/v2\/media\/7228"}],"wp:attachment":[{"href":"https:\/\/ecole-steiner-verrieres.org\/en\/wp-json\/wp\/v2\/media?parent=7227"}],"wp:term":[{"taxonomy":"category","embeddable":true,"href":"https:\/\/ecole-steiner-verrieres.org\/en\/wp-json\/wp\/v2\/categories?post=7227"},{"taxonomy":"post_tag","embeddable":true,"href":"https:\/\/ecole-steiner-verrieres.org\/en\/wp-json\/wp\/v2\/tags?post=7227"}],"curies":[{"name":"wp","href":"https:\/\/api.w.org\/{rel}","templated":true}]}}